{"id":6,"count":0,"description":"","link":"https:\/\/td-archi.fr\/en\/category\/demarche\/","name":"approach","slug":"demarche","taxonomy":"category","parent":0,"meta":[],"grid":"{\r\n  \"colCount\": 12,\r\n  \"colGutter\": 1,\r\n  \"rowGutters\": [\r\n    20,\r\n    80,\r\n    20,\r\n    80,\r\n    20,\r\n    80,\r\n    20,\r\n    80,\r\n    20,\r\n    80,\r\n    20,\r\n    80,\r\n    20\r\n  ],\r\n  \"frameMargin\": 5,\r\n  \"topFrameMargin\": 40,\r\n  \"bottomFrameMargin\": 105,\r\n  \"rowAttrs\": [\r\n    {\r\n      \"relid\": 1\r\n    },\r\n    {\r\n      \"relid\": 2\r\n    },\r\n    {\r\n      \"relid\": 3\r\n    },\r\n    {\r\n      \"relid\": 13\r\n    },\r\n    {\r\n      \"relid\": 14\r\n    },\r\n    {\r\n      \"relid\": 15\r\n    },\r\n    {\r\n      \"relid\": 16\r\n    },\r\n    {\r\n      \"relid\": 17\r\n    },\r\n    {\r\n      \"relid\": 18\r\n    },\r\n    {\r\n      \"relid\": 19\r\n    },\r\n    {\r\n      \"relid\": 20\r\n    },\r\n    {\r\n      \"relid\": 21\r\n    },\r\n    {\r\n      \"relid\": 22\r\n    },\r\n    {\r\n      \"relid\": 23\r\n    }\r\n  ],\r\n  \"bgColor\": null,\r\n  \"cont\": [\r\n    {\r\n      \"type\": \"hr\",\r\n      \"cont\": \"\",\r\n      \"align\": \"middle\",\r\n      \"row\": 0,\r\n      \"col\": 3,\r\n      \"colspan\": 9,\r\n      \"offsetx\": 0,\r\n      \"offsety\": 0,\r\n      \"spaceabove\": 0,\r\n      \"spacebelow\": 0,\r\n      \"yvel\": 1,\r\n      \"push\": 3,\r\n      \"relid\": 5\r\n    },\r\n    {\r\n      \"type\": \"img\",\r\n      \"cont\": \"\/wp-content\/uploads\/2020\/01\/tom-darmon-architecture-cotswolds.jpg\",\r\n      \"align\": \"top\",\r\n      \"row\": 1,\r\n      \"col\": 3,\r\n      \"colspan\": 6,\r\n      \"offsetx\": 0,\r\n      \"offsety\": 0,\r\n      \"spaceabove\": 0,\r\n      \"spacebelow\": 0,\r\n      \"yvel\": 1,\r\n      \"push\": 3,\r\n      \"relid\": 580,\r\n      \"attid\": 526,\r\n      \"sizes\": {\r\n        \"full\": \"\/wp-content\/uploads\/2020\/01\/tom-darmon-architecture-cotswolds.jpg\",\r\n        \"_2560\": \"\/wp-content\/uploads\/2020\/01\/tom-darmon-architecture-cotswolds-2560x1705.jpg\",\r\n        \"_1920\": \"\/wp-content\/uploads\/2020\/01\/tom-darmon-architecture-cotswolds-1920x1278.jpg\",\r\n        \"_1280\": \"\/wp-content\/uploads\/2020\/01\/tom-darmon-architecture-cotswolds-1280x852.jpg\",\r\n        \"_1024\": \"\/wp-content\/uploads\/2020\/01\/tom-darmon-architecture-cotswolds-1024x682.jpg\",\r\n        \"_768\": \"\/wp-content\/uploads\/2020\/01\/tom-darmon-architecture-cotswolds-768x511.jpg\",\r\n        \"_512\": \"\/wp-content\/uploads\/2020\/01\/tom-darmon-architecture-cotswolds-512x341.jpg\",\r\n        \"_265\": \"\/wp-content\/uploads\/2020\/01\/tom-darmon-architecture-cotswolds-265x176.jpg\"\r\n      },\r\n      \"w\": 2921,\r\n      \"h\": 1945,\r\n      \"ar\": 0.6658678534748373,\r\n      \"alt\": \"\",\r\n      \"html_id\": \"img-publications\"\r\n    },\r\n    {\r\n      \"type\": \"text\",\r\n      \"cont\": \"<h1 class=\\\"_Titre_projet\\\">La double culture<\/h1><p class=\\\"_Titre_legende\\\" style=\\\"line-height: 0.6;\\\"><span style=\\\"font-size: 10px;\\\">\u00a0<\/span><\/p><p>Bisley, dans les Cotswolds en Grande Bretagne, est le petit village familial o\u00f9 j\u2019ai pass\u00e9 de longs s\u00e9jours qui ont fortement marqu\u00e9 mon enfance. Cette r\u00e9gion continue de m\u2019inspirer dans ma pratique architecturale, gr\u00e2ce \u00e0 l\u2019harmonie qu\u2019il s\u2019y d\u00e9gage entre cette nature \u00e0 la fois luxuriante et maitris\u00e9e et les constructions de l\u2019homme, qui s\u2019y int\u00e8grent parfaitement quelque soit leur \u00e9poque. La v\u00e9g\u00e9tation, comme la pierre, y sont durablement ancr\u00e9es.<br \/>Mais la Grande Bretagne, c\u2019est aussi une culture chaleureuse : les \u00e9clats de rire devant la chemin\u00e9e du pub alors qu\u2019il pleut au-dehors\u2026 Ainsi, un espace accueillant et g\u00e9n\u00e9reux provoque touts ces \u00e9changes et ces rencontres. Aujourd\u2019hui, quelque soit le programme, je suis attach\u00e9 \u00e0 offrir des lieux dans lesquels chacun se sentira bien. Enfin, avoir une double culture, c\u2019est savoir au plus profond de soi que la diff\u00e9rence existe et chercher \u00e0 comprendre l\u2019autre. Cette curiosit\u00e9 ne m\u2019a jamais quitt\u00e9 et m\u2019anime toujours dans chacune de mes rencontres.<\/p>\",\r\n      \"align\": \"top\",\r\n      \"row\": 1,\r\n      \"col\": 9,\r\n      \"colspan\": 3,\r\n      \"offsetx\": 0,\r\n      \"offsety\": 0,\r\n      \"spaceabove\": 0,\r\n      \"spacebelow\": 0,\r\n      \"yvel\": 1,\r\n      \"push\": 0,\r\n      \"relid\": 7\r\n    },\r\n    {\r\n      \"type\": \"hr\",\r\n      \"cont\": \"\",\r\n      \"align\": \"top\",\r\n      \"row\": 2,\r\n      \"col\": 3,\r\n      \"colspan\": 9,\r\n      \"offsetx\": 0,\r\n      \"offsety\": 0,\r\n      \"spaceabove\": 0,\r\n      \"spacebelow\": 0,\r\n      \"yvel\": 1,\r\n      \"push\": 3,\r\n      \"relid\": 6\r\n    },\r\n    {\r\n      \"type\": \"text\",\r\n      \"cont\": \"<h1 class=\\\"_Titre_projet\\\">La reconnaissance de mes pairs<\/h1><p style=\\\"line-height: 0.6;\\\">\u00a0<\/p><p><span style=\\\"font-size: 16px;\\\">Pendant mes ann\u00e9es d\u2019\u00e9tude, j\u2019ai travaill\u00e9 en m\u00eame temps comme salari\u00e9s dans des agences d\u2019architecture afin d\u2019y apprendre le m\u00e9tier. Puis, toujours en parall\u00e8le de mes \u00e9tudes, je suis devenu perspectiviste. Lors de ces exp\u00e9riences, j\u2019y apprends surtout \u00e0 r\u00e9aliser humblement les projets imagin\u00e9s par d\u2019autres, ce qui implique de comprendre leur vision et leurs demandes. <\/span><span style=\\\"font-size: 16px;\\\">J\u2019aimerais ici remercier ces paires qui m\u2019ont fait confiance, qui m\u2019ont tellement appris, qui ont confirm\u00e9 mon gout pour l\u2019architecture et m\u2019ont donn\u00e9 envie de poursuivre vers ce m\u00e9tier ! <\/span><span style=\\\"font-size: 16px;\\\">Cette capacit\u00e9 \u00e0 donner \u00e0 voir et \u00e0 comprendre le projet d\u2019un autre, je le retrouve aujourd\u2019hui dans la relation aux architectes urbanistes qui ont con\u00e7u les projets urbains dans lesquels je suis en charge d\u2019un ilot. Cette complicit\u00e9 avec mes paires est facilit\u00e9e par une compr\u00e9hension partag\u00e9e des enjeux qui font la ville.<\/span><\/p>\",\r\n      \"align\": \"top\",\r\n      \"row\": 3,\r\n      \"col\": 3,\r\n      \"colspan\": 3,\r\n      \"offsetx\": 0,\r\n      \"offsety\": 0,\r\n      \"spaceabove\": 0,\r\n      \"spacebelow\": 0,\r\n      \"yvel\": 1,\r\n      \"push\": 3,\r\n      \"relid\": 4\r\n    },\r\n    {\r\n      \"type\": \"img\",\r\n      \"cont\": \"\/wp-content\/uploads\/2020\/01\/TDA-demarche-photos-relations_pairs-01-1.jpg\",\r\n      \"align\": \"top\",\r\n      \"row\": 3,\r\n      \"col\": 6,\r\n      \"colspan\": 6,\r\n      \"offsetx\": 0,\r\n      \"offsety\": 0,\r\n      \"spaceabove\": 0,\r\n      \"spacebelow\": 0,\r\n      \"yvel\": 1,\r\n      \"push\": 0,\r\n      \"relid\": 901,\r\n      \"attid\": 476,\r\n      \"sizes\": {\r\n        \"full\": \"\/wp-content\/uploads\/2020\/01\/TDA-demarche-photos-relations_pairs-01-1.jpg\",\r\n        \"_1920\": \"\/wp-content\/uploads\/2020\/01\/TDA-demarche-photos-relations_pairs-01-1-1920x1280.jpg\",\r\n        \"_1280\": \"\/wp-content\/uploads\/2020\/01\/TDA-demarche-photos-relations_pairs-01-1-1280x853.jpg\",\r\n        \"_1024\": \"\/wp-content\/uploads\/2020\/01\/TDA-demarche-photos-relations_pairs-01-1-1024x683.jpg\",\r\n        \"_768\": \"\/wp-content\/uploads\/2020\/01\/TDA-demarche-photos-relations_pairs-01-1-768x512.jpg\",\r\n        \"_512\": \"\/wp-content\/uploads\/2020\/01\/TDA-demarche-photos-relations_pairs-01-1-512x341.jpg\",\r\n        \"_265\": \"\/wp-content\/uploads\/2020\/01\/TDA-demarche-photos-relations_pairs-01-1-265x177.jpg\"\r\n      },\r\n      \"w\": 2250,\r\n      \"h\": 1500,\r\n      \"ar\": 0.6666666666666666,\r\n      \"alt\": \"\",\r\n      \"html_id\": \"img-publications\"\r\n    },\r\n    {\r\n      \"type\": \"hr\",\r\n      \"cont\": \"\",\r\n      \"align\": \"top\",\r\n      \"row\": 4,\r\n      \"col\": 3,\r\n      \"colspan\": 9,\r\n      \"offsetx\": 0,\r\n      \"offsety\": 0,\r\n      \"spaceabove\": 0,\r\n      \"spacebelow\": 0,\r\n      \"yvel\": 1,\r\n      \"push\": 3,\r\n      \"relid\": 8\r\n    },\r\n    {\r\n      \"type\": \"img\",\r\n      \"cont\": \"\/wp-content\/uploads\/2020\/01\/TDA-demarche-photos-defis-01.jpg\",\r\n      \"align\": \"top\",\r\n      \"row\": 5,\r\n      \"col\": 3,\r\n      \"colspan\": 6,\r\n      \"offsetx\": 0,\r\n      \"offsety\": 0,\r\n      \"spaceabove\": 0,\r\n      \"spacebelow\": 0,\r\n      \"yvel\": 1,\r\n      \"push\": 3,\r\n      \"relid\": 1215,\r\n      \"attid\": 475,\r\n      \"sizes\": {\r\n        \"full\": \"\/wp-content\/uploads\/2020\/01\/TDA-demarche-photos-defis-01.jpg\",\r\n        \"_1920\": \"\/wp-content\/uploads\/2020\/01\/TDA-demarche-photos-defis-01-1920x1280.jpg\",\r\n        \"_1280\": \"\/wp-content\/uploads\/2020\/01\/TDA-demarche-photos-defis-01-1280x853.jpg\",\r\n        \"_1024\": \"\/wp-content\/uploads\/2020\/01\/TDA-demarche-photos-defis-01-1024x683.jpg\",\r\n        \"_768\": \"\/wp-content\/uploads\/2020\/01\/TDA-demarche-photos-defis-01-768x512.jpg\",\r\n        \"_512\": \"\/wp-content\/uploads\/2020\/01\/TDA-demarche-photos-defis-01-512x341.jpg\",\r\n        \"_265\": \"\/wp-content\/uploads\/2020\/01\/TDA-demarche-photos-defis-01-265x177.jpg\"\r\n      },\r\n      \"w\": 2250,\r\n      \"h\": 1500,\r\n      \"ar\": 0.6666666666666666,\r\n      \"alt\": \"\",\r\n      \"html_id\": \"img-publications\"\r\n    },\r\n    {\r\n      \"type\": \"text\",\r\n      \"cont\": \"<h1 class=\\\"_Titre_projet\\\"><span style=\\\"font-family: EuclidSquare-Semibold;\\\">LE GO\u00dbT DES D\u00c9FIS<\/span><\/h1><p style=\\\"line-height: 0.6;\\\">\u00a0<\/p><div><span style=\\\"font-family: EuclidSquare-Regular;\\\">J\u2019ai 28 ans lorsque je monte ma premi\u00e8re agence : c\u2019\u00e9tait un immense d\u00e9fi ! L\u2019envie et la stimulation ont guid\u00e9 mes projets qui ont \u00e9t\u00e9 souvent r\u00e9compens\u00e9s. Apr\u00e8s ces jeunes ann\u00e9es de succ\u00e8s, j\u2019ai mont\u00e9 une nouvelle agence qui allie la sagesse de la maturit\u00e9 tout en conservant, de mes ann\u00e9es de jeunesse, mon go\u00fbt pour r\u00e9interroger les choses. Face \u00e0 un site, une commande, je questionne le sujet pour trouver la juste r\u00e9ponse qui n\u2019est pas n\u00e9cessairement celle attendue de prime abord. Il a dans chaque projet, dans chaque concours, un nouveau d\u00e9fi architectural ou urbain\u2026<\/span><\/div>\",\r\n      \"align\": \"top\",\r\n      \"row\": 5,\r\n      \"col\": 9,\r\n      \"colspan\": 3,\r\n      \"offsetx\": 0,\r\n      \"offsety\": 0,\r\n      \"spaceabove\": 0,\r\n      \"spacebelow\": 0,\r\n      \"yvel\": 1,\r\n      \"push\": 0,\r\n      \"relid\": 582\r\n    },\r\n    {\r\n      \"type\": \"hr\",\r\n      \"cont\": \"\",\r\n      \"align\": \"top\",\r\n      \"row\": 6,\r\n      \"col\": 3,\r\n      \"colspan\": 9,\r\n      \"offsetx\": 0,\r\n      \"offsety\": 0,\r\n      \"spaceabove\": 0,\r\n      \"spacebelow\": 0,\r\n      \"yvel\": 1,\r\n      \"push\": 3,\r\n      \"relid\": 9\r\n    },\r\n    {\r\n      \"type\": \"text\",\r\n      \"cont\": \"<h1 class=\\\"_Titre_projet\\\">LE SENS DU BEAU MAIS PAS SEULEMENT<\/h1><p style=\\\"line-height: 0.6;\\\">\u00a0<\/p><p>Ma d\u00e9marche est bas\u00e9e sur la recherche de la juste r\u00e9ponse \u00e0 une commande, \u00e0 des besoins exprim\u00e9s ou non, \u00e0 un contexte. A la mani\u00e8re du monde naturel, la r\u00e9ponse est du cot\u00e9 de l\u2019essentiel, loin du superflu et de la fioriture qui sont gratuits et inutiles. Cette \u00e9vidence que je recherche n\u2019est pas froide ou aust\u00e8re puisqu\u2019elle est bienveillante, douce et riche d\u2019une grande diversit\u00e9, parfois al\u00e9atoire, mais toujours harmonieuse. Je suis donc soucieux de l\u2019esth\u00e9tique de mes projets, \u00e0 condition que cette forme soit l\u2019expression de la qualit\u00e9 du fonctionnement et des usages que le projet rend possibles. Cette d\u00e9marche est particuli\u00e8rement perceptible sur la question des mat\u00e9riaux de fa\u00e7ade. Je suis sensible \u00e0 ces mat\u00e9riaux qui ont une fonction, un usage et qui ne sont pas seulement d\u00e9coratifs. Ces mat\u00e9riaux n\u00e9cessitent d\u2019ailleurs un v\u00e9ritable savoir-faire, un soucis du d\u00e9tail et de la mise en \u0153uvre. Le b\u00e9ton, la pierre, la brique ont en commun cette esth\u00e9tique de la fonction et de la maitrise dans leur r\u00e9alisation. Un b\u00e2timent est donc un objet sensible, qui se donne \u00e0 voir, \u00e0 toucher\u2026 Cette esth\u00e9tique du projet est alors partag\u00e9e par celui qui le con\u00e7ois, mais aussi celui qui le r\u00e9alise, jusqu\u2019\u00e0 celui qui le vit au quotidien.<\/p>\",\r\n      \"align\": \"top\",\r\n      \"row\": 7,\r\n      \"col\": 3,\r\n      \"colspan\": 3,\r\n      \"offsetx\": 0,\r\n      \"offsety\": 0,\r\n      \"spaceabove\": 0,\r\n      \"spacebelow\": 0,\r\n      \"yvel\": 1,\r\n      \"push\": 3,\r\n      \"relid\": 583\r\n    },\r\n    {\r\n      \"type\": \"img\",\r\n      \"cont\": \"\/wp-content\/uploads\/2020\/01\/TDA-demarche-photos-juste_reponse-01.jpg\",\r\n      \"align\": \"top\",\r\n      \"row\": 7,\r\n      \"col\": 6,\r\n      \"colspan\": 6,\r\n      \"offsetx\": 0,\r\n      \"offsety\": 0,\r\n      \"spaceabove\": 0,\r\n      \"spacebelow\": 0,\r\n      \"yvel\": 1,\r\n      \"push\": 0,\r\n      \"relid\": 587,\r\n      \"attid\": 477,\r\n      \"sizes\": {\r\n        \"full\": \"\/wp-content\/uploads\/2020\/01\/TDA-demarche-photos-juste_reponse-01.jpg\",\r\n        \"_1920\": \"\/wp-content\/uploads\/2020\/01\/TDA-demarche-photos-juste_reponse-01-1920x1280.jpg\",\r\n        \"_1280\": \"\/wp-content\/uploads\/2020\/01\/TDA-demarche-photos-juste_reponse-01-1280x853.jpg\",\r\n        \"_1024\": \"\/wp-content\/uploads\/2020\/01\/TDA-demarche-photos-juste_reponse-01-1024x683.jpg\",\r\n        \"_768\": \"\/wp-content\/uploads\/2020\/01\/TDA-demarche-photos-juste_reponse-01-768x512.jpg\",\r\n        \"_512\": \"\/wp-content\/uploads\/2020\/01\/TDA-demarche-photos-juste_reponse-01-512x341.jpg\",\r\n        \"_265\": \"\/wp-content\/uploads\/2020\/01\/TDA-demarche-photos-juste_reponse-01-265x177.jpg\"\r\n      },\r\n      \"w\": 2250,\r\n      \"h\": 1500,\r\n      \"ar\": 0.6666666666666666,\r\n      \"alt\": \"\",\r\n      \"html_id\": \"img-publications\"\r\n    },\r\n    {\r\n      \"type\": \"hr\",\r\n      \"cont\": \"\",\r\n      \"align\": \"middle\",\r\n      \"row\": 8,\r\n      \"col\": 3,\r\n      \"colspan\": 9,\r\n      \"offsetx\": 0,\r\n      \"offsety\": 0,\r\n      \"spaceabove\": 0,\r\n      \"spacebelow\": 0,\r\n      \"yvel\": 1,\r\n      \"push\": 3,\r\n      \"relid\": 10\r\n    },\r\n    {\r\n      \"type\": \"img\",\r\n      \"cont\": \"\/wp-content\/uploads\/2020\/01\/tom-darmon-architecture-lewisburg.jpg\",\r\n      \"align\": \"top\",\r\n      \"row\": 9,\r\n      \"col\": 3,\r\n      \"colspan\": 6,\r\n      \"offsetx\": 0,\r\n      \"offsety\": 0,\r\n      \"spaceabove\": 0,\r\n      \"spacebelow\": 0,\r\n      \"yvel\": 1,\r\n      \"push\": 3,\r\n      \"relid\": 851,\r\n      \"attid\": 527,\r\n      \"sizes\": {\r\n        \"full\": \"\/wp-content\/uploads\/2020\/01\/tom-darmon-architecture-lewisburg.jpg\",\r\n        \"_1920\": \"\/wp-content\/uploads\/2020\/01\/tom-darmon-architecture-lewisburg-1920x1280.jpg\",\r\n        \"_1280\": \"\/wp-content\/uploads\/2020\/01\/tom-darmon-architecture-lewisburg-1280x853.jpg\",\r\n        \"_1024\": \"\/wp-content\/uploads\/2020\/01\/tom-darmon-architecture-lewisburg-1024x683.jpg\",\r\n        \"_768\": \"\/wp-content\/uploads\/2020\/01\/tom-darmon-architecture-lewisburg-768x512.jpg\",\r\n        \"_512\": \"\/wp-content\/uploads\/2020\/01\/tom-darmon-architecture-lewisburg-512x341.jpg\",\r\n        \"_265\": \"\/wp-content\/uploads\/2020\/01\/tom-darmon-architecture-lewisburg-265x177.jpg\"\r\n      },\r\n      \"w\": 2250,\r\n      \"h\": 1500,\r\n      \"ar\": 0.6666666666666666,\r\n      \"alt\": \"\",\r\n      \"html_id\": \"img-publications\"\r\n    },\r\n    {\r\n      \"type\": \"text\",\r\n      \"cont\": \"<h1 class=\\\"_Titre_projet\\\">L'ARCHITECTE B\u00c2TISSEUR<\/h1><p style=\\\"line-height: 0.6;\\\">\u00a0<\/p><p>La conception et la r\u00e9alisation d\u2019un projet sont en r\u00e9alit\u00e9 deux m\u00e9tiers distincts demandant des qualit\u00e9s et des aptitudes diff\u00e9rentes. Pour autant, l\u2019un ne vas pas sans l\u2019autre et l\u2019apprentissage du chantier n\u00e9cessite un grand retour d\u2019exp\u00e9rience. Dessiner pour construire, construire pour mieux dessiner. Grace \u00e0 mon exp\u00e9rience des chantiers, j\u2019ai acquis trois convictions. La premi\u00e8re, l\u2019acte de construire rel\u00e8ve de la capacit\u00e9 \u00e0 anticiper la r\u00e9alisation de l\u2019ouvrage, dans chacun de ses d\u00e9tails. Ce souci de la mise en \u0153uvre m\u2019anime donc d\u00e8s la phase de conception du projet. Ma deuxi\u00e8me certitude est que le suivi du chantier demande une bonne compr\u00e9hension du jeu d\u2019acteurs \u00e0 la fois complexe et stimulant o\u00f9 il faut savoir dialoguer avec les entreprises et les bureaux d\u2019\u00e9tudes afin de pr\u00e9server la qualit\u00e9 du projet tout en d\u00e9finissant ensemble les solutions les plus adapt\u00e9es. Enfin, assurer l\u2019ex\u00e9cution d\u2019un projet c\u2019est, selon moi, \u00eatre garant jusqu\u2019u bout des int\u00e9r\u00eats du ma\u00eetre d\u2019ouvrage et notamment le respect des fondamentaux qui ont guid\u00e9 la conception, mais aussi la ma\u00eetrise de l\u2019\u00e9conomie du projet et de la dur\u00e9e du chantier.<\/p>\",\r\n      \"align\": \"top\",\r\n      \"row\": 9,\r\n      \"col\": 9,\r\n      \"colspan\": 3,\r\n      \"offsetx\": 0,\r\n      \"offsety\": 0,\r\n      \"spaceabove\": 0,\r\n      \"spacebelow\": 0,\r\n      \"yvel\": 1,\r\n      \"push\": 0,\r\n      \"relid\": 584\r\n    },\r\n    {\r\n      \"type\": \"hr\",\r\n      \"cont\": \"\",\r\n      \"align\": \"middle\",\r\n      \"row\": 10,\r\n      \"col\": 3,\r\n      \"colspan\": 9,\r\n      \"offsetx\": 0,\r\n      \"offsety\": 0,\r\n      \"spaceabove\": 0,\r\n      \"spacebelow\": 0,\r\n      \"yvel\": 1,\r\n      \"push\": 3,\r\n      \"relid\": 11\r\n    },\r\n    {\r\n      \"type\": \"text\",\r\n      \"cont\": \"<h1 class=\\\"_Titre_projet\\\">FAIRE \u00c9QUIPE<\/h1><p style=\\\"line-height: 0.6;\\\">\u00a0<\/p><p>Je suis intimement convaincu qu\u2019un projet se r\u00e9alise \u00e0 quatre mains, dans un \u00e9change permanent avec mes ma\u00eetres d\u2019ouvrage. Pour tisser cette relation de confiance, je mets en \u0153uvre pour chaque projet, une m\u00e9thode de travail singuli\u00e8re bas\u00e9e sur l\u2019\u00e9coute et la compr\u00e9hension des besoins et des enjeux de mon client. Dans cette approche, nait une profonde \u00e9mulation, une remise en cause de nos pr\u00e9requis. <br \/>Ce tandem que forme l\u2019architecte et son ma\u00eetre d\u2019ouvrage est au milieu d\u2019un monde plus vaste, compos\u00e9 de bureaux d\u2019\u00e9tudes, d\u2019entreprises, d\u2019utilisateurs, de clients finaux, etc. Pour que chacun y joue le r\u00f4le qui est le sien, chacun doit comprendre les enjeux et contraintes des autres, en valorisant le dialogue et la politesse.<br \/>Pour diffuser plus largement cette philosophie et participer \u00e0 une meilleure connaissance r\u00e9ciproque des m\u00e9tiers de ma\u00eetres d\u2019ouvrage et de ma\u00eetres d\u2019\u0153uvre, je suis devenu membre du bureau et du conseil d\u2019administration de l\u2019association AMO (Architecture et Ma\u00eetres d\u2019ouvrage).<\/p>\",\r\n      \"align\": \"top\",\r\n      \"row\": 11,\r\n      \"col\": 3,\r\n      \"colspan\": 3,\r\n      \"offsetx\": 0,\r\n      \"offsety\": 0,\r\n      \"spaceabove\": 0,\r\n      \"spacebelow\": 0,\r\n      \"yvel\": 1,\r\n      \"push\": 3,\r\n      \"relid\": 585\r\n    },\r\n    {\r\n      \"type\": \"img\",\r\n      \"cont\": \"\/wp-content\/uploads\/2020\/01\/TDA-demarche-photos-faire_equipe-01.jpg\",\r\n      \"align\": \"top\",\r\n      \"row\": 11,\r\n      \"col\": 6,\r\n      \"colspan\": 6,\r\n      \"offsetx\": 0,\r\n      \"offsety\": 0,\r\n      \"spaceabove\": 0,\r\n      \"spacebelow\": 0,\r\n      \"yvel\": 1,\r\n      \"push\": 0,\r\n      \"relid\": 1850,\r\n      \"attid\": 479,\r\n      \"sizes\": {\r\n        \"full\": \"\/wp-content\/uploads\/2020\/01\/TDA-demarche-photos-faire_equipe-01.jpg\",\r\n        \"_1920\": \"\/wp-content\/uploads\/2020\/01\/TDA-demarche-photos-faire_equipe-01-1920x1280.jpg\",\r\n        \"_1280\": \"\/wp-content\/uploads\/2020\/01\/TDA-demarche-photos-faire_equipe-01-1280x853.jpg\",\r\n        \"_1024\": \"\/wp-content\/uploads\/2020\/01\/TDA-demarche-photos-faire_equipe-01-1024x683.jpg\",\r\n        \"_768\": \"\/wp-content\/uploads\/2020\/01\/TDA-demarche-photos-faire_equipe-01-768x512.jpg\",\r\n        \"_512\": \"\/wp-content\/uploads\/2020\/01\/TDA-demarche-photos-faire_equipe-01-512x341.jpg\",\r\n        \"_265\": \"\/wp-content\/uploads\/2020\/01\/TDA-demarche-photos-faire_equipe-01-265x177.jpg\"\r\n      },\r\n      \"w\": 2250,\r\n      \"h\": 1500,\r\n      \"ar\": 0.6666666666666666,\r\n      \"alt\": \"\",\r\n      \"html_id\": \"img-publications\"\r\n    },\r\n    {\r\n      \"type\": \"hr\",\r\n      \"cont\": \"\",\r\n      \"align\": \"top\",\r\n      \"row\": 12,\r\n      \"col\": 3,\r\n      \"colspan\": 9,\r\n      \"offsetx\": 0,\r\n      \"offsety\": 0,\r\n      \"spaceabove\": 0,\r\n      \"spacebelow\": 0,\r\n      \"yvel\": 1,\r\n      \"push\": 3,\r\n      \"relid\": 12\r\n    },\r\n    {\r\n      \"type\": \"img\",\r\n      \"cont\": \"\/wp-content\/uploads\/2020\/01\/TDA-demarche-photos-patrimoine-01.jpg\",\r\n      \"align\": \"top\",\r\n      \"row\": 13,\r\n      \"col\": 3,\r\n      \"colspan\": 6,\r\n      \"offsetx\": 0,\r\n      \"offsety\": 0,\r\n      \"spaceabove\": 0,\r\n      \"spacebelow\": 0,\r\n      \"yvel\": 1,\r\n      \"push\": 3,\r\n      \"relid\": 2164,\r\n      \"attid\": 480,\r\n      \"sizes\": {\r\n        \"full\": \"\/wp-content\/uploads\/2020\/01\/TDA-demarche-photos-patrimoine-01.jpg\",\r\n        \"_1920\": \"\/wp-content\/uploads\/2020\/01\/TDA-demarche-photos-patrimoine-01-1920x1280.jpg\",\r\n        \"_1280\": \"\/wp-content\/uploads\/2020\/01\/TDA-demarche-photos-patrimoine-01-1280x853.jpg\",\r\n        \"_1024\": \"\/wp-content\/uploads\/2020\/01\/TDA-demarche-photos-patrimoine-01-1024x683.jpg\",\r\n        \"_768\": \"\/wp-content\/uploads\/2020\/01\/TDA-demarche-photos-patrimoine-01-768x512.jpg\",\r\n        \"_512\": \"\/wp-content\/uploads\/2020\/01\/TDA-demarche-photos-patrimoine-01-512x341.jpg\",\r\n        \"_265\": \"\/wp-content\/uploads\/2020\/01\/TDA-demarche-photos-patrimoine-01-265x177.jpg\"\r\n      },\r\n      \"w\": 2250,\r\n      \"h\": 1500,\r\n      \"ar\": 0.6666666666666666,\r\n      \"alt\": \"\",\r\n      \"frameOverflow\": \"\",\r\n      \"html_id\": \"img-publications\"\r\n    },\r\n    {\r\n      \"type\": \"text\",\r\n      \"cont\": \"<h1 class=\\\"_Titre_projet\\\">L'ARCHITECTE DU TOUJOURS PR\u00c9SENT<\/h1><p style=\\\"line-height: 0.6;\\\">\u00a0<\/p><p>L\u2019acte de construire n\u00e9cessite de faire la synth\u00e8se des besoins et des contraintes d\u2019aujourd\u2019hui\u2026 alors m\u00eame que les effets d\u2019un projet seront pour les g\u00e9n\u00e9rations futures. La responsabilit\u00e9 de l\u2019architecte est alors engag\u00e9e \u00e0 chaque projet qui participe au patrimoine de demain. Cette question de la qualit\u00e9 et de la p\u00e9rennit\u00e9 d\u2019un projet, me guide \u00e0 la fois dans prise en compte des usages actuels et futurs mais aussi dans la performance environnementale d\u2019un projet. Il ne s\u2019agit pas de r\u00e9pondre \u00e0 des effets de mode ou d\u2019accumuler des gadgets couteux et si rapidement obsol\u00e8tes. Il s\u2019agit au contraire, de retrouver des m\u00e9thodes de construction ancestrales, qui ont \u00e9t\u00e9 capables de r\u00e9pondre \u00e0 l\u2019\u00e9volution des besoins \u00e0 travers les \u00e9poques\u2026<\/p>\",\r\n      \"align\": \"top\",\r\n      \"row\": 13,\r\n      \"col\": 9,\r\n      \"colspan\": 3,\r\n      \"offsetx\": 0,\r\n      \"offsety\": 0,\r\n      \"spaceabove\": 0,\r\n      \"spacebelow\": 0,\r\n      \"yvel\": 1,\r\n      \"push\": 0,\r\n      \"relid\": 586,\r\n      \"frameOverflow\": \"\"\r\n    }\r\n  ]\r\n}","phonegrid":"{\r\n  \"colCount\": 12,\r\n  \"colGutter\": 1,\r\n  \"rowGutters\": [\r\n    3,\r\n    3,\r\n    10,\r\n    3,\r\n    3,\r\n    10,\r\n    3,\r\n    3,\r\n    15,\r\n    3,\r\n    3,\r\n    10,\r\n    3,\r\n    3,\r\n    10,\r\n    5,\r\n    3,\r\n    10,\r\n    3,\r\n    3\r\n  ],\r\n  \"frameMargin\": 5,\r\n  \"topFrameMargin\": 0,\r\n  \"bottomFrameMargin\": 5,\r\n  \"rowAttrs\": [\r\n    {\r\n      \"relid\": 24\r\n    },\r\n    {\r\n      \"relid\": 25\r\n    },\r\n    {\r\n      \"relid\": 26\r\n    },\r\n    {\r\n      \"relid\": 27\r\n    },\r\n    {\r\n      \"relid\": 28\r\n    },\r\n    {\r\n      \"relid\": 29\r\n    },\r\n    {\r\n      \"relid\": 30\r\n    },\r\n    {\r\n      \"relid\": 31\r\n    },\r\n    {\r\n      \"relid\": 32\r\n    },\r\n    {\r\n      \"relid\": 33\r\n    },\r\n    {\r\n      \"relid\": 34\r\n    },\r\n    {\r\n      \"relid\": 35\r\n    },\r\n    {\r\n      \"relid\": 36\r\n    },\r\n    {\r\n      \"relid\": 37\r\n    },\r\n    {\r\n      \"relid\": 38\r\n    },\r\n    {\r\n      \"relid\": 39\r\n    },\r\n    {\r\n      \"relid\": 40\r\n    },\r\n    {\r\n      \"relid\": 41\r\n    },\r\n    {\r\n      \"relid\": 42\r\n    },\r\n    {\r\n      \"relid\": 43\r\n    },\r\n    {\r\n      \"relid\": 44\r\n    }\r\n  ],\r\n  \"bgColor\": null,\r\n  \"cont\": [\r\n    {\r\n      \"type\": \"hr\",\r\n      \"cont\": \"\",\r\n      \"align\": \"bottom\",\r\n      \"row\": 0,\r\n      \"col\": 0,\r\n      \"colspan\": 12,\r\n      \"offsetx\": 0,\r\n      \"offsety\": 0,\r\n      \"spaceabove\": 0,\r\n      \"spacebelow\": 0,\r\n      \"yvel\": 1,\r\n      \"push\": 0,\r\n      \"relid\": 5\r\n    },\r\n    {\r\n      \"type\": \"img\",\r\n      \"cont\": \"\/wp-content\/uploads\/2020\/01\/tom-darmon-architecture-cotswolds.jpg\",\r\n      \"align\": \"bottom\",\r\n      \"row\": 1,\r\n      \"col\": 0,\r\n      \"colspan\": 12,\r\n      \"offsetx\": 0,\r\n      \"offsety\": 0,\r\n      \"spaceabove\": 0,\r\n      \"spacebelow\": 0,\r\n      \"yvel\": 1,\r\n      \"push\": 0,\r\n      \"relid\": 580,\r\n      \"attid\": 526,\r\n      \"sizes\": {\r\n        \"full\": \"\/wp-content\/uploads\/2020\/01\/tom-darmon-architecture-cotswolds.jpg\",\r\n        \"_2560\": \"\/wp-content\/uploads\/2020\/01\/tom-darmon-architecture-cotswolds-2560x1705.jpg\",\r\n        \"_1920\": \"\/wp-content\/uploads\/2020\/01\/tom-darmon-architecture-cotswolds-1920x1278.jpg\",\r\n        \"_1280\": \"\/wp-content\/uploads\/2020\/01\/tom-darmon-architecture-cotswolds-1280x852.jpg\",\r\n        \"_1024\": \"\/wp-content\/uploads\/2020\/01\/tom-darmon-architecture-cotswolds-1024x682.jpg\",\r\n        \"_768\": \"\/wp-content\/uploads\/2020\/01\/tom-darmon-architecture-cotswolds-768x511.jpg\",\r\n        \"_512\": \"\/wp-content\/uploads\/2020\/01\/tom-darmon-architecture-cotswolds-512x341.jpg\",\r\n        \"_265\": \"\/wp-content\/uploads\/2020\/01\/tom-darmon-architecture-cotswolds-265x176.jpg\"\r\n      },\r\n      \"w\": 2921,\r\n      \"h\": 1945,\r\n      \"ar\": 0.6658678534748373,\r\n      \"alt\": \"\",\r\n      \"html_id\": \"img-publications\"\r\n    },\r\n    {\r\n      \"type\": \"text\",\r\n      \"cont\": \"<h1 class=\\\"_Titre_projet\\\">La double culture<\/h1><p class=\\\"_Titre_legende\\\" style=\\\"line-height: 0.6;\\\"><span style=\\\"font-size: 10px;\\\">\u00a0<\/span><\/p><p>Bisley, dans les Cotswolds en Grande Bretagne, est le petit village familial o\u00f9 j\u2019ai pass\u00e9 de longs s\u00e9jours qui ont fortement marqu\u00e9 mon enfance. Cette r\u00e9gion continue de m\u2019inspirer dans ma pratique architecturale, gr\u00e2ce \u00e0 l\u2019harmonie qu\u2019il s\u2019y d\u00e9gage entre cette nature \u00e0 la fois luxuriante et maitris\u00e9e et les constructions de l\u2019homme, qui s\u2019y int\u00e8grent parfaitement quelque soit leur \u00e9poque. La v\u00e9g\u00e9tation, comme la pierre, y sont durablement ancr\u00e9es.<br \/>Mais la Grande Bretagne, c\u2019est aussi une culture chaleureuse : les \u00e9clats de rire devant la chemin\u00e9e du pub alors qu\u2019il pleut au-dehors\u2026 Ainsi, un espace accueillant et g\u00e9n\u00e9reux provoque touts ces \u00e9changes et ces rencontres. Aujourd\u2019hui, quelque soit le programme, je suis attach\u00e9 \u00e0 offrir des lieux dans lesquels chacun se sentira bien. Enfin, avoir une double culture, c\u2019est savoir au plus profond de soi que la diff\u00e9rence existe et chercher \u00e0 comprendre l\u2019autre. Cette curiosit\u00e9 ne m\u2019a jamais quitt\u00e9 et m\u2019anime toujours dans chacune de mes rencontres.<\/p>\",\r\n      \"align\": \"bottom\",\r\n      \"row\": 2,\r\n      \"col\": 0,\r\n      \"colspan\": 12,\r\n      \"offsetx\": 0,\r\n      \"offsety\": 0,\r\n      \"spaceabove\": 0,\r\n      \"spacebelow\": 0,\r\n      \"yvel\": 1,\r\n      \"push\": 0,\r\n      \"relid\": 7\r\n    },\r\n    {\r\n      \"type\": \"hr\",\r\n      \"cont\": \"\",\r\n      \"align\": \"bottom\",\r\n      \"row\": 3,\r\n      \"col\": 0,\r\n      \"colspan\": 12,\r\n      \"offsetx\": 0,\r\n      \"offsety\": 0,\r\n      \"spaceabove\": 0,\r\n      \"spacebelow\": 0,\r\n      \"yvel\": 1,\r\n      \"push\": 0,\r\n      \"relid\": 6\r\n    },\r\n    {\r\n      \"type\": \"img\",\r\n      \"cont\": \"\/wp-content\/uploads\/2020\/01\/TDA-demarche-photos-relations_pairs-01-1.jpg\",\r\n      \"align\": \"middle\",\r\n      \"row\": 4,\r\n      \"col\": 0,\r\n      \"colspan\": 12,\r\n      \"offsetx\": 0,\r\n      \"offsety\": 0,\r\n      \"spaceabove\": 0,\r\n      \"spacebelow\": 0,\r\n      \"yvel\": 1,\r\n      \"push\": 0,\r\n      \"relid\": 901,\r\n      \"attid\": 476,\r\n      \"sizes\": {\r\n        \"full\": \"\/wp-content\/uploads\/2020\/01\/TDA-demarche-photos-relations_pairs-01-1.jpg\",\r\n        \"_1920\": \"\/wp-content\/uploads\/2020\/01\/TDA-demarche-photos-relations_pairs-01-1-1920x1280.jpg\",\r\n        \"_1280\": \"\/wp-content\/uploads\/2020\/01\/TDA-demarche-photos-relations_pairs-01-1-1280x853.jpg\",\r\n        \"_1024\": \"\/wp-content\/uploads\/2020\/01\/TDA-demarche-photos-relations_pairs-01-1-1024x683.jpg\",\r\n        \"_768\": \"\/wp-content\/uploads\/2020\/01\/TDA-demarche-photos-relations_pairs-01-1-768x512.jpg\",\r\n        \"_512\": \"\/wp-content\/uploads\/2020\/01\/TDA-demarche-photos-relations_pairs-01-1-512x341.jpg\",\r\n        \"_265\": \"\/wp-content\/uploads\/2020\/01\/TDA-demarche-photos-relations_pairs-01-1-265x177.jpg\"\r\n      },\r\n      \"w\": 2250,\r\n      \"h\": 1500,\r\n      \"ar\": 0.6666666666666666,\r\n      \"alt\": \"\",\r\n      \"html_id\": \"img-publications\"\r\n    },\r\n    {\r\n      \"type\": \"text\",\r\n      \"cont\": \"<h1 class=\\\"_Titre_projet\\\">La reconnaissance de mes pairs<\/h1><p style=\\\"line-height: 0.6;\\\">\u00a0<\/p><p><span style=\\\"font-size: 16px;\\\">Pendant mes ann\u00e9es d\u2019\u00e9tude, j\u2019ai travaill\u00e9 en m\u00eame temps comme salari\u00e9s dans des agences d\u2019architecture afin d\u2019y apprendre le m\u00e9tier. Puis, toujours en parall\u00e8le de mes \u00e9tudes, je suis devenu perspectiviste. Lors de ces exp\u00e9riences, j\u2019y apprends surtout \u00e0 r\u00e9aliser humblement les projets imagin\u00e9s par d\u2019autres, ce qui implique de comprendre leur vision et leurs demandes. <\/span><span style=\\\"font-size: 16px;\\\">J\u2019aimerais ici remercier ces paires qui m\u2019ont fait confiance, qui m\u2019ont tellement appris, qui ont confirm\u00e9 mon gout pour l\u2019architecture et m\u2019ont donn\u00e9 envie de poursuivre vers ce m\u00e9tier ! <\/span><span style=\\\"font-size: 16px;\\\">Cette capacit\u00e9 \u00e0 donner \u00e0 voir et \u00e0 comprendre le projet d\u2019un autre, je le retrouve aujourd\u2019hui dans la relation aux architectes urbanistes qui ont con\u00e7u les projets urbains dans lesquels je suis en charge d\u2019un ilot. Cette complicit\u00e9 avec mes paires est facilit\u00e9e par une compr\u00e9hension partag\u00e9e des enjeux qui font la ville.<\/span><\/p>\",\r\n      \"align\": \"bottom\",\r\n      \"row\": 5,\r\n      \"col\": 0,\r\n      \"colspan\": 12,\r\n      \"offsetx\": 0,\r\n      \"offsety\": 0,\r\n      \"spaceabove\": 0,\r\n      \"spacebelow\": 0,\r\n      \"yvel\": 1,\r\n      \"push\": 0,\r\n      \"relid\": 4\r\n    },\r\n    {\r\n      \"type\": \"hr\",\r\n      \"cont\": \"\",\r\n      \"align\": \"bottom\",\r\n      \"row\": 6,\r\n      \"col\": 0,\r\n      \"colspan\": 12,\r\n      \"offsetx\": 0,\r\n      \"offsety\": 0,\r\n      \"spaceabove\": 0,\r\n      \"spacebelow\": 0,\r\n      \"yvel\": 1,\r\n      \"push\": 0,\r\n      \"relid\": 8\r\n    },\r\n    {\r\n      \"type\": \"img\",\r\n      \"cont\": \"\/wp-content\/uploads\/2020\/01\/TDA-demarche-photos-defis-01.jpg\",\r\n      \"align\": \"bottom\",\r\n      \"row\": 7,\r\n      \"col\": 0,\r\n      \"colspan\": 12,\r\n      \"offsetx\": 0,\r\n      \"offsety\": 0,\r\n      \"spaceabove\": 0,\r\n      \"spacebelow\": 0,\r\n      \"yvel\": 1,\r\n      \"push\": 0,\r\n      \"relid\": 1215,\r\n      \"attid\": 475,\r\n      \"sizes\": {\r\n        \"full\": \"\/wp-content\/uploads\/2020\/01\/TDA-demarche-photos-defis-01.jpg\",\r\n        \"_1920\": \"\/wp-content\/uploads\/2020\/01\/TDA-demarche-photos-defis-01-1920x1280.jpg\",\r\n        \"_1280\": \"\/wp-content\/uploads\/2020\/01\/TDA-demarche-photos-defis-01-1280x853.jpg\",\r\n        \"_1024\": \"\/wp-content\/uploads\/2020\/01\/TDA-demarche-photos-defis-01-1024x683.jpg\",\r\n        \"_768\": \"\/wp-content\/uploads\/2020\/01\/TDA-demarche-photos-defis-01-768x512.jpg\",\r\n        \"_512\": \"\/wp-content\/uploads\/2020\/01\/TDA-demarche-photos-defis-01-512x341.jpg\",\r\n        \"_265\": \"\/wp-content\/uploads\/2020\/01\/TDA-demarche-photos-defis-01-265x177.jpg\"\r\n      },\r\n      \"w\": 2250,\r\n      \"h\": 1500,\r\n      \"ar\": 0.6666666666666666,\r\n      \"alt\": \"\",\r\n      \"html_id\": \"img-publications\"\r\n    },\r\n    {\r\n      \"type\": \"text\",\r\n      \"cont\": \"<h1 class=\\\"_Titre_projet\\\"><span style=\\\"font-family: EuclidSquare-Semibold;\\\">LE GO\u00dbT DES D\u00c9FIS<\/span><\/h1><p style=\\\"line-height: 0.6;\\\">\u00a0<\/p><div><span style=\\\"font-family: EuclidSquare-Regular;\\\">J\u2019ai 28 ans lorsque je monte ma premi\u00e8re agence : c\u2019\u00e9tait un immense d\u00e9fi ! L\u2019envie et la stimulation ont guid\u00e9 mes projets qui ont \u00e9t\u00e9 souvent r\u00e9compens\u00e9s. Apr\u00e8s ces jeunes ann\u00e9es de succ\u00e8s, j\u2019ai mont\u00e9 une nouvelle agence qui allie la sagesse de la maturit\u00e9 tout en conservant, de mes ann\u00e9es de jeunesse, mon go\u00fbt pour r\u00e9interroger les choses. Face \u00e0 un site, une commande, je questionne le sujet pour trouver la juste r\u00e9ponse qui n\u2019est pas n\u00e9cessairement celle attendue de prime abord. Il a dans chaque projet, dans chaque concours, un nouveau d\u00e9fi architectural ou urbain\u2026<\/span><\/div>\",\r\n      \"align\": \"bottom\",\r\n      \"row\": 8,\r\n      \"col\": 0,\r\n      \"colspan\": 12,\r\n      \"offsetx\": 0,\r\n      \"offsety\": 0,\r\n      \"spaceabove\": 0,\r\n      \"spacebelow\": 0,\r\n      \"yvel\": 1,\r\n      \"push\": 0,\r\n      \"relid\": 582\r\n    },\r\n    {\r\n      \"type\": \"hr\",\r\n      \"cont\": \"\",\r\n      \"align\": \"bottom\",\r\n      \"row\": 9,\r\n      \"col\": 0,\r\n      \"colspan\": 12,\r\n      \"offsetx\": 0,\r\n      \"offsety\": 0,\r\n      \"spaceabove\": 0,\r\n      \"spacebelow\": 0,\r\n      \"yvel\": 1,\r\n      \"push\": 0,\r\n      \"relid\": 9\r\n    },\r\n    {\r\n      \"type\": \"img\",\r\n      \"cont\": \"\/wp-content\/uploads\/2020\/01\/TDA-demarche-photos-juste_reponse-01.jpg\",\r\n      \"align\": \"middle\",\r\n      \"row\": 10,\r\n      \"col\": 0,\r\n      \"colspan\": 12,\r\n      \"offsetx\": 0,\r\n      \"offsety\": 0,\r\n      \"spaceabove\": 0,\r\n      \"spacebelow\": 0,\r\n      \"yvel\": 1,\r\n      \"push\": 0,\r\n      \"relid\": 587,\r\n      \"attid\": 477,\r\n      \"sizes\": {\r\n        \"full\": \"\/wp-content\/uploads\/2020\/01\/TDA-demarche-photos-juste_reponse-01.jpg\",\r\n        \"_1920\": \"\/wp-content\/uploads\/2020\/01\/TDA-demarche-photos-juste_reponse-01-1920x1280.jpg\",\r\n        \"_1280\": \"\/wp-content\/uploads\/2020\/01\/TDA-demarche-photos-juste_reponse-01-1280x853.jpg\",\r\n        \"_1024\": \"\/wp-content\/uploads\/2020\/01\/TDA-demarche-photos-juste_reponse-01-1024x683.jpg\",\r\n        \"_768\": \"\/wp-content\/uploads\/2020\/01\/TDA-demarche-photos-juste_reponse-01-768x512.jpg\",\r\n        \"_512\": \"\/wp-content\/uploads\/2020\/01\/TDA-demarche-photos-juste_reponse-01-512x341.jpg\",\r\n        \"_265\": \"\/wp-content\/uploads\/2020\/01\/TDA-demarche-photos-juste_reponse-01-265x177.jpg\"\r\n      },\r\n      \"w\": 2250,\r\n      \"h\": 1500,\r\n      \"ar\": 0.6666666666666666,\r\n      \"alt\": \"\",\r\n      \"html_id\": \"img-publications\"\r\n    },\r\n    {\r\n      \"type\": \"text\",\r\n      \"cont\": \"<h1 class=\\\"_Titre_projet\\\">LE SENS DU BEAU MAIS PAS SEULEMENT<\/h1><p style=\\\"line-height: 0.6;\\\">\u00a0<\/p><p>Ma d\u00e9marche est bas\u00e9e sur la recherche de la juste r\u00e9ponse \u00e0 une commande, \u00e0 des besoins exprim\u00e9s ou non, \u00e0 un contexte. A la mani\u00e8re du monde naturel, la r\u00e9ponse est du cot\u00e9 de l\u2019essentiel, loin du superflu et de la fioriture qui sont gratuits et inutiles. Cette \u00e9vidence que je recherche n\u2019est pas froide ou aust\u00e8re puisqu\u2019elle est bienveillante, douce et riche d\u2019une grande diversit\u00e9, parfois al\u00e9atoire, mais toujours harmonieuse. Je suis donc soucieux de l\u2019esth\u00e9tique de mes projets, \u00e0 condition que cette forme soit l\u2019expression de la qualit\u00e9 du fonctionnement et des usages que le projet rend possibles. Cette d\u00e9marche est particuli\u00e8rement perceptible sur la question des mat\u00e9riaux de fa\u00e7ade. Je suis sensible \u00e0 ces mat\u00e9riaux qui ont une fonction, un usage et qui ne sont pas seulement d\u00e9coratifs. Ces mat\u00e9riaux n\u00e9cessitent d\u2019ailleurs un v\u00e9ritable savoir-faire, un soucis du d\u00e9tail et de la mise en \u0153uvre. Le b\u00e9ton, la pierre, la brique ont en commun cette esth\u00e9tique de la fonction et de la maitrise dans leur r\u00e9alisation. Un b\u00e2timent est donc un objet sensible, qui se donne \u00e0 voir, \u00e0 toucher\u2026 Cette esth\u00e9tique du projet est alors partag\u00e9e par celui qui le con\u00e7ois, mais aussi celui qui le r\u00e9alise, jusqu\u2019\u00e0 celui qui le vit au quotidien.<\/p>\",\r\n      \"align\": \"bottom\",\r\n      \"row\": 11,\r\n      \"col\": 0,\r\n      \"colspan\": 12,\r\n      \"offsetx\": 0,\r\n      \"offsety\": 0,\r\n      \"spaceabove\": 0,\r\n      \"spacebelow\": 0,\r\n      \"yvel\": 1,\r\n      \"push\": 0,\r\n      \"relid\": 583\r\n    },\r\n    {\r\n      \"type\": \"hr\",\r\n      \"cont\": \"\",\r\n      \"align\": \"bottom\",\r\n      \"row\": 12,\r\n      \"col\": 0,\r\n      \"colspan\": 12,\r\n      \"offsetx\": 0,\r\n      \"offsety\": 0,\r\n      \"spaceabove\": 0,\r\n      \"spacebelow\": 0,\r\n      \"yvel\": 1,\r\n      \"push\": 0,\r\n      \"relid\": 10\r\n    },\r\n    {\r\n      \"type\": \"img\",\r\n      \"cont\": \"\/wp-content\/uploads\/2020\/01\/tom-darmon-architecture-lewisburg.jpg\",\r\n      \"align\": \"bottom\",\r\n      \"row\": 13,\r\n      \"col\": 0,\r\n      \"colspan\": 12,\r\n      \"offsetx\": 0,\r\n      \"offsety\": 0,\r\n      \"spaceabove\": 0,\r\n      \"spacebelow\": 0,\r\n      \"yvel\": 1,\r\n      \"push\": 0,\r\n      \"relid\": 851,\r\n      \"attid\": 527,\r\n      \"sizes\": {\r\n        \"full\": \"\/wp-content\/uploads\/2020\/01\/tom-darmon-architecture-lewisburg.jpg\",\r\n        \"_1920\": \"\/wp-content\/uploads\/2020\/01\/tom-darmon-architecture-lewisburg-1920x1280.jpg\",\r\n        \"_1280\": \"\/wp-content\/uploads\/2020\/01\/tom-darmon-architecture-lewisburg-1280x853.jpg\",\r\n        \"_1024\": \"\/wp-content\/uploads\/2020\/01\/tom-darmon-architecture-lewisburg-1024x683.jpg\",\r\n        \"_768\": \"\/wp-content\/uploads\/2020\/01\/tom-darmon-architecture-lewisburg-768x512.jpg\",\r\n        \"_512\": \"\/wp-content\/uploads\/2020\/01\/tom-darmon-architecture-lewisburg-512x341.jpg\",\r\n        \"_265\": \"\/wp-content\/uploads\/2020\/01\/tom-darmon-architecture-lewisburg-265x177.jpg\"\r\n      },\r\n      \"w\": 2250,\r\n      \"h\": 1500,\r\n      \"ar\": 0.6666666666666666,\r\n      \"alt\": \"\",\r\n      \"html_id\": \"img-publications\"\r\n    },\r\n    {\r\n      \"type\": \"text\",\r\n      \"cont\": \"<h1 class=\\\"_Titre_projet\\\">L'ARCHITECTE B\u00c2TISSEUR<\/h1><p style=\\\"line-height: 0.6;\\\">\u00a0<\/p><p>La conception et la r\u00e9alisation d\u2019un projet sont en r\u00e9alit\u00e9 deux m\u00e9tiers distincts demandant des qualit\u00e9s et des aptitudes diff\u00e9rentes. Pour autant, l\u2019un ne vas pas sans l\u2019autre et l\u2019apprentissage du chantier n\u00e9cessite un grand retour d\u2019exp\u00e9rience. Dessiner pour construire, construire pour mieux dessiner. Grace \u00e0 mon exp\u00e9rience des chantiers, j\u2019ai acquis trois convictions. La premi\u00e8re, l\u2019acte de construire rel\u00e8ve de la capacit\u00e9 \u00e0 anticiper la r\u00e9alisation de l\u2019ouvrage, dans chacun de ses d\u00e9tails. Ce souci de la mise en \u0153uvre m\u2019anime donc d\u00e8s la phase de conception du projet. Ma deuxi\u00e8me certitude est que le suivi du chantier demande une bonne compr\u00e9hension du jeu d\u2019acteurs \u00e0 la fois complexe et stimulant o\u00f9 il faut savoir dialoguer avec les entreprises et les bureaux d\u2019\u00e9tudes afin de pr\u00e9server la qualit\u00e9 du projet tout en d\u00e9finissant ensemble les solutions les plus adapt\u00e9es. Enfin, assurer l\u2019ex\u00e9cution d\u2019un projet c\u2019est, selon moi, \u00eatre garant jusqu\u2019u bout des int\u00e9r\u00eats du ma\u00eetre d\u2019ouvrage et notamment le respect des fondamentaux qui ont guid\u00e9 la conception, mais aussi la ma\u00eetrise de l\u2019\u00e9conomie du projet et de la dur\u00e9e du chantier.<\/p>\",\r\n      \"align\": \"bottom\",\r\n      \"row\": 14,\r\n      \"col\": 0,\r\n      \"colspan\": 12,\r\n      \"offsetx\": 0,\r\n      \"offsety\": 0,\r\n      \"spaceabove\": 0,\r\n      \"spacebelow\": 0,\r\n      \"yvel\": 1,\r\n      \"push\": 0,\r\n      \"relid\": 584\r\n    },\r\n    {\r\n      \"type\": \"hr\",\r\n      \"cont\": \"\",\r\n      \"align\": \"bottom\",\r\n      \"row\": 15,\r\n      \"col\": 0,\r\n      \"colspan\": 12,\r\n      \"offsetx\": 0,\r\n      \"offsety\": 0,\r\n      \"spaceabove\": 0,\r\n      \"spacebelow\": 0,\r\n      \"yvel\": 1,\r\n      \"push\": 0,\r\n      \"relid\": 11\r\n    },\r\n    {\r\n      \"type\": \"img\",\r\n      \"cont\": \"\/wp-content\/uploads\/2020\/01\/TDA-demarche-photos-faire_equipe-01.jpg\",\r\n      \"align\": \"middle\",\r\n      \"row\": 16,\r\n      \"col\": 0,\r\n      \"colspan\": 12,\r\n      \"offsetx\": 0,\r\n      \"offsety\": 0,\r\n      \"spaceabove\": 0,\r\n      \"spacebelow\": 0,\r\n      \"yvel\": 1,\r\n      \"push\": 0,\r\n      \"relid\": 1850,\r\n      \"attid\": 479,\r\n      \"sizes\": {\r\n        \"full\": \"\/wp-content\/uploads\/2020\/01\/TDA-demarche-photos-faire_equipe-01.jpg\",\r\n        \"_1920\": \"\/wp-content\/uploads\/2020\/01\/TDA-demarche-photos-faire_equipe-01-1920x1280.jpg\",\r\n        \"_1280\": \"\/wp-content\/uploads\/2020\/01\/TDA-demarche-photos-faire_equipe-01-1280x853.jpg\",\r\n        \"_1024\": \"\/wp-content\/uploads\/2020\/01\/TDA-demarche-photos-faire_equipe-01-1024x683.jpg\",\r\n        \"_768\": \"\/wp-content\/uploads\/2020\/01\/TDA-demarche-photos-faire_equipe-01-768x512.jpg\",\r\n        \"_512\": \"\/wp-content\/uploads\/2020\/01\/TDA-demarche-photos-faire_equipe-01-512x341.jpg\",\r\n        \"_265\": \"\/wp-content\/uploads\/2020\/01\/TDA-demarche-photos-faire_equipe-01-265x177.jpg\"\r\n      },\r\n      \"w\": 2250,\r\n      \"h\": 1500,\r\n      \"ar\": 0.6666666666666666,\r\n      \"alt\": \"\",\r\n      \"html_id\": \"img-publications\"\r\n    },\r\n    {\r\n      \"type\": \"text\",\r\n      \"cont\": \"<h1 class=\\\"_Titre_projet\\\">FAIRE \u00c9QUIPE<\/h1><p style=\\\"line-height: 0.6;\\\">\u00a0<\/p><p>Je suis intimement convaincu qu\u2019un projet se r\u00e9alise \u00e0 quatre mains, dans un \u00e9change permanent avec mes ma\u00eetres d\u2019ouvrage. Pour tisser cette relation de confiance, je mets en \u0153uvre pour chaque projet, une m\u00e9thode de travail singuli\u00e8re bas\u00e9e sur l\u2019\u00e9coute et la compr\u00e9hension des besoins et des enjeux de mon client. Dans cette approche, nait une profonde \u00e9mulation, une remise en cause de nos pr\u00e9requis. <br \/>Ce tandem que forme l\u2019architecte et son ma\u00eetre d\u2019ouvrage est au milieu d\u2019un monde plus vaste, compos\u00e9 de bureaux d\u2019\u00e9tudes, d\u2019entreprises, d\u2019utilisateurs, de clients finaux, etc. Pour que chacun y joue le r\u00f4le qui est le sien, chacun doit comprendre les enjeux et contraintes des autres, en valorisant le dialogue et la politesse.<br \/>Pour diffuser plus largement cette philosophie et participer \u00e0 une meilleure connaissance r\u00e9ciproque des m\u00e9tiers de ma\u00eetres d\u2019ouvrage et de ma\u00eetres d\u2019\u0153uvre, je suis devenu membre du bureau et du conseil d\u2019administration de l\u2019association AMO (Architecture et Ma\u00eetres d\u2019ouvrage).<\/p>\",\r\n      \"align\": \"bottom\",\r\n      \"row\": 17,\r\n      \"col\": 0,\r\n      \"colspan\": 12,\r\n      \"offsetx\": 0,\r\n      \"offsety\": 0,\r\n      \"spaceabove\": 0,\r\n      \"spacebelow\": 0,\r\n      \"yvel\": 1,\r\n      \"push\": 0,\r\n      \"relid\": 585\r\n    },\r\n    {\r\n      \"type\": \"hr\",\r\n      \"cont\": \"\",\r\n      \"align\": \"bottom\",\r\n      \"row\": 18,\r\n      \"col\": 0,\r\n      \"colspan\": 12,\r\n      \"offsetx\": 0,\r\n      \"offsety\": 0,\r\n      \"spaceabove\": 0,\r\n      \"spacebelow\": 0,\r\n      \"yvel\": 1,\r\n      \"push\": 0,\r\n      \"relid\": 12\r\n    },\r\n    {\r\n      \"type\": \"img\",\r\n      \"cont\": \"\/wp-content\/uploads\/2020\/01\/TDA-demarche-photos-patrimoine-01.jpg\",\r\n      \"align\": \"bottom\",\r\n      \"row\": 19,\r\n      \"col\": 0,\r\n      \"colspan\": 12,\r\n      \"offsetx\": 0,\r\n      \"offsety\": 0,\r\n      \"spaceabove\": 0,\r\n      \"spacebelow\": 0,\r\n      \"yvel\": 1,\r\n      \"push\": 0,\r\n      \"relid\": 2164,\r\n      \"attid\": 480,\r\n      \"sizes\": {\r\n        \"full\": \"\/wp-content\/uploads\/2020\/01\/TDA-demarche-photos-patrimoine-01.jpg\",\r\n        \"_1920\": \"\/wp-content\/uploads\/2020\/01\/TDA-demarche-photos-patrimoine-01-1920x1280.jpg\",\r\n        \"_1280\": \"\/wp-content\/uploads\/2020\/01\/TDA-demarche-photos-patrimoine-01-1280x853.jpg\",\r\n        \"_1024\": \"\/wp-content\/uploads\/2020\/01\/TDA-demarche-photos-patrimoine-01-1024x683.jpg\",\r\n        \"_768\": \"\/wp-content\/uploads\/2020\/01\/TDA-demarche-photos-patrimoine-01-768x512.jpg\",\r\n        \"_512\": \"\/wp-content\/uploads\/2020\/01\/TDA-demarche-photos-patrimoine-01-512x341.jpg\",\r\n        \"_265\": \"\/wp-content\/uploads\/2020\/01\/TDA-demarche-photos-patrimoine-01-265x177.jpg\"\r\n      },\r\n      \"w\": 2250,\r\n      \"h\": 1500,\r\n      \"ar\": 0.6666666666666666,\r\n      \"alt\": \"\",\r\n      \"frameOverflow\": \"\",\r\n      \"html_id\": \"img-publications\"\r\n    },\r\n    {\r\n      \"type\": \"text\",\r\n      \"cont\": \"<h1 class=\\\"_Titre_projet\\\">L'ARCHITECTE DU TOUJOURS PR\u00c9SENT<\/h1><p style=\\\"line-height: 0.6;\\\">\u00a0<\/p><p>L\u2019acte de construire n\u00e9cessite de faire la synth\u00e8se des besoins et des contraintes d\u2019aujourd\u2019hui\u2026 alors m\u00eame que les effets d\u2019un projet seront pour les g\u00e9n\u00e9rations futures. La responsabilit\u00e9 de l\u2019architecte est alors engag\u00e9e \u00e0 chaque projet qui participe au patrimoine de demain. Cette question de la qualit\u00e9 et de la p\u00e9rennit\u00e9 d\u2019un projet, me guide \u00e0 la fois dans prise en compte des usages actuels et futurs mais aussi dans la performance environnementale d\u2019un projet. Il ne s\u2019agit pas de r\u00e9pondre \u00e0 des effets de mode ou d\u2019accumuler des gadgets couteux et si rapidement obsol\u00e8tes. Il s\u2019agit au contraire, de retrouver des m\u00e9thodes de construction ancestrales, qui ont \u00e9t\u00e9 capables de r\u00e9pondre \u00e0 l\u2019\u00e9volution des besoins \u00e0 travers les \u00e9poques\u2026<\/p>\",\r\n      \"align\": \"bottom\",\r\n      \"row\": 20,\r\n      \"col\": 0,\r\n      \"colspan\": 12,\r\n      \"offsetx\": 0,\r\n      \"offsety\": 0,\r\n      \"spaceabove\": 0,\r\n      \"spacebelow\": 0,\r\n      \"yvel\": 1,\r\n      \"push\": 0,\r\n      \"relid\": 586,\r\n      \"frameOverflow\": \"\"\r\n    }\r\n  ]\r\n}","_links":{"self":[{"href":"https:\/\/td-archi.fr\/en\/wp-json\/wp\/v2\/categories\/6","targetHints":{"allow":["GET"]}}],"collection":[{"href":"https:\/\/td-archi.fr\/en\/wp-json\/wp\/v2\/categories"}],"about":[{"href":"https:\/\/td-archi.fr\/en\/wp-json\/wp\/v2\/taxonomies\/category"}],"wp:post_type":[{"href":"https:\/\/td-archi.fr\/en\/wp-json\/wp\/v2\/posts?categories=6"}],"curies":[{"name":"wp","href":"https:\/\/api.w.org\/{rel}","templated":true}]}}